{"id":4220,"date":"2026-04-29T12:45:21","date_gmt":"2026-04-29T11:45:21","guid":{"rendered":"https:\/\/www.uddm.edu.ne\/?p=4220"},"modified":"2026-04-29T12:45:21","modified_gmt":"2026-04-29T11:45:21","slug":"remise-officielle-le-mardi-28-avril-2026-du-rapport-du-comite-ad-hoc-sur-certaines-situation-administratives-et-professionnelles-du-personnel-de-luddm","status":"publish","type":"post","link":"https:\/\/www.uddm.edu.ne\/index.php\/remise-officielle-le-mardi-28-avril-2026-du-rapport-du-comite-ad-hoc-sur-certaines-situation-administratives-et-professionnelles-du-personnel-de-luddm\/","title":{"rendered":"Remise officielle le mardi 28 Avril 2026, du rapport du comit\u00e9 ad hoc sur certaines situation administratives et professionnelles du personnel de l\u2019UDDM"},"content":{"rendered":"<p><img loading=\"lazy\" decoding=\"async\" class=\"wp-image-4219 size-full aligncenter\" src=\"https:\/\/www.uddm.edu.ne\/wp-content\/uploads\/2026\/04\/iml.png\" alt=\"\" width=\"640\" height=\"320\" srcset=\"https:\/\/www.uddm.edu.ne\/wp-content\/uploads\/2026\/04\/iml.png 640w, https:\/\/www.uddm.edu.ne\/wp-content\/uploads\/2026\/04\/iml-300x150.png 300w\" sizes=\"auto, (max-width: 640px) 100vw, 640px\" \/><\/p>\n<p>Mis en place par arr\u00eat\u00e9 du Recteur n\u00b038 UDDM\/RECT\/SG en date du 24 mars 2026, et pr\u00e9sid\u00e9 par le Vice-Recteur de l&rsquo;UDDM, Dr AKOURKI Adamou, Ma\u00eetre de Conf\u00e9rences, le comit\u00e9 ad hoc charg\u00e9 de l\u2019examen de certaines situations administratives et professionnelles du personnel de l\u2019UDDM a men\u00e9 ses travaux avec rigueur, m\u00e9thode , diligence et promptitude.<\/p>\n<p>La remise officielle de ce document marque une \u00e9tape d\u00e9cisive. Par la pertinence de ses conclusions et la clart\u00e9 de ses recommandations, ce rapport constitue un outil d\u2019aide \u00e0 la d\u00e9cision pour le Recteur. Il ouvre la voie \u00e0 des mesures concr\u00e8tes visant \u00e0 am\u00e9liorer la gouvernance administrative, \u00e0 renforcer la coh\u00e9sion interne et \u00e0 assurer une gestion efficiente, transparente et rationnelle des ressources humaines.<\/p>\n<p>La qualit\u00e9 et la pertinence de son contenu offriront au Recteur les \u00e9l\u00e9ments n\u00e9cessaires pour prendre des d\u00e9cisions \u00e9clair\u00e9es. Celles-ci viseront \u00e0 renforcer l\u2019harmonie au sein de l\u2019administration universitaire, tout en garantissant une gestion plus efficace, optimale et rationnelle des ressources humaines.<\/p>\n","protected":false},"excerpt":{"rendered":"<p>Mis en place par arr\u00eat\u00e9 du Recteur n\u00b038 UDDM\/RECT\/SG en date du 24 mars 2026, et pr\u00e9sid\u00e9 par le Vice-Recteur <a class=\"more-link\" href=\"https:\/\/www.uddm.edu.ne\/index.php\/remise-officielle-le-mardi-28-avril-2026-du-rapport-du-comite-ad-hoc-sur-certaines-situation-administratives-et-professionnelles-du-personnel-de-luddm\/\">Lire la suite&#8230; <span class=\"screen-reader-text\">  Remise officielle le mardi 28 Avril 2026, du rapport du comit\u00e9 ad hoc sur certaines situation administratives et professionnelles du personnel de l\u2019UDDM<\/span><span class=\"meta-nav\">&rarr;<\/span><\/a><\/p>\n","protected":false},"author":106,"featured_media":4219,"comment_status":"closed","ping_status":"closed","sticky":false,"template":"","format":"standard","meta":{"footnotes":""},"categories":[96],"tags":[],"class_list":["post-4220","post","type-post","status-publish","format-standard","has-post-thumbnail","hentry","category-publicites"],"_links":{"self":[{"href":"https:\/\/www.uddm.edu.ne\/index.php\/wp-json\/wp\/v2\/posts\/4220","targetHints":{"allow":["GET"]}}],"collection":[{"href":"https:\/\/www.uddm.edu.ne\/index.php\/wp-json\/wp\/v2\/posts"}],"about":[{"href":"https:\/\/www.uddm.edu.ne\/index.php\/wp-json\/wp\/v2\/types\/post"}],"author":[{"embeddable":true,"href":"https:\/\/www.uddm.edu.ne\/index.php\/wp-json\/wp\/v2\/users\/106"}],"replies":[{"embeddable":true,"href":"https:\/\/www.uddm.edu.ne\/index.php\/wp-json\/wp\/v2\/comments?post=4220"}],"version-history":[{"count":1,"href":"https:\/\/www.uddm.edu.ne\/index.php\/wp-json\/wp\/v2\/posts\/4220\/revisions"}],"predecessor-version":[{"id":4221,"href":"https:\/\/www.uddm.edu.ne\/index.php\/wp-json\/wp\/v2\/posts\/4220\/revisions\/4221"}],"wp:featuredmedia":[{"embeddable":true,"href":"https:\/\/www.uddm.edu.ne\/index.php\/wp-json\/wp\/v2\/media\/4219"}],"wp:attachment":[{"href":"https:\/\/www.uddm.edu.ne\/index.php\/wp-json\/wp\/v2\/media?parent=4220"}],"wp:term":[{"taxonomy":"category","embeddable":true,"href":"https:\/\/www.uddm.edu.ne\/index.php\/wp-json\/wp\/v2\/categories?post=4220"},{"taxonomy":"post_tag","embeddable":true,"href":"https:\/\/www.uddm.edu.ne\/index.php\/wp-json\/wp\/v2\/tags?post=4220"}],"curies":[{"name":"wp","href":"https:\/\/api.w.org\/{rel}","templated":true}]}}