{"id":2449,"date":"2023-09-13T16:22:25","date_gmt":"2023-09-13T16:22:25","guid":{"rendered":"https:\/\/www.uddm.edu.ne\/?p=2449"},"modified":"2023-09-13T17:27:04","modified_gmt":"2023-09-13T17:27:04","slug":"participation-du-vice-recteur-de-luddm-a-latelier-dechanges-sur-la-normalisation-des-annees-academiques-dans-les-institutions-denseignement-superieur-de-lespace-reesao","status":"publish","type":"post","link":"https:\/\/www.uddm.edu.ne\/index.php\/participation-du-vice-recteur-de-luddm-a-latelier-dechanges-sur-la-normalisation-des-annees-academiques-dans-les-institutions-denseignement-superieur-de-lespace-reesao\/","title":{"rendered":"PARTICIPATION DU VICE RECTEUR DE L&rsquo;UDDM A L&rsquo;ATELIER D\u2019ECHANGES SUR LA NORMALISATION DES ANNEES ACADEMIQUES DANS LES INSTITUTIONS D\u2019ENSEIGNEMENT SUPERIEUR DE L\u2019ESPACE REESAO"},"content":{"rendered":"<div id=\"su_slider_69f40e3e4e9ac\" class=\"su-slider su-slider-centered su-slider-pages-no su-slider-responsive-yes\" style=\"width:100%\" data-autoplay=\"3000\" data-speed=\"600\" data-mousewheel=\"true\"><div class=\"su-slider-slides\"><div class=\"su-slider-slide\"><a><img decoding=\"async\" src=\"https:\/\/www.uddm.edu.ne\/wp-content\/uploads\/2023\/09\/garde-600x300.png\" alt=\"garde\" \/><\/a><\/div><div class=\"su-slider-slide\"><a><img decoding=\"async\" src=\"https:\/\/www.uddm.edu.ne\/wp-content\/uploads\/2023\/09\/Sans-titre-600x300.png\" alt=\"Sans titre\" \/><\/a><\/div><div class=\"su-slider-slide\"><a><img decoding=\"async\" src=\"https:\/\/www.uddm.edu.ne\/wp-content\/uploads\/2023\/09\/3-600x300.jpg\" alt=\"3\" \/><\/a><\/div><div class=\"su-slider-slide\"><a><img decoding=\"async\" src=\"https:\/\/www.uddm.edu.ne\/wp-content\/uploads\/2023\/09\/4-600x300.jpg\" alt=\"4\" \/><\/a><\/div><div class=\"su-slider-slide\"><a><img decoding=\"async\" src=\"https:\/\/www.uddm.edu.ne\/wp-content\/uploads\/2023\/09\/5-600x300.jpg\" alt=\"5\" \/><\/a><\/div><div class=\"su-slider-slide\"><a><img decoding=\"async\" src=\"https:\/\/www.uddm.edu.ne\/wp-content\/uploads\/2023\/09\/7-600x300.jpg\" alt=\"7\" \/><\/a><\/div><div class=\"su-slider-slide\"><a><img decoding=\"async\" src=\"https:\/\/www.uddm.edu.ne\/wp-content\/uploads\/2023\/09\/8-600x300.jpg\" alt=\"8\" \/><\/a><\/div><div class=\"su-slider-slide\"><a><img decoding=\"async\" src=\"https:\/\/www.uddm.edu.ne\/wp-content\/uploads\/2023\/09\/1-600x300.jpg\" alt=\"1\" \/><\/a><\/div><div class=\"su-slider-slide\"><a><img decoding=\"async\" src=\"https:\/\/www.uddm.edu.ne\/wp-content\/uploads\/2023\/09\/2-600x300.jpg\" alt=\"2\" \/><\/a><\/div><\/div><div class=\"su-slider-nav\"><div class=\"su-slider-direction\"><span class=\"su-slider-prev\"><\/span><span class=\"su-slider-next\"><\/span><\/div><div class=\"su-slider-pagination\"><\/div><\/div><\/div>\n<p style=\"text-align: justify;\">L\u2019objectif g\u00e9n\u00e9ral de l\u2019activit\u00e9 vise \u00e0 offrir aux participants un espace d\u2019\u00e9changes, de t\u00e9moignage et de d\u00e9bats, qui permettra aux IES, membres de l\u2019organisation, d\u2019\u00e9changer de bonnes pratiques en mati\u00e8re de processus de normalisation des ann\u00e9es acad\u00e9miques.<br \/>\nSp\u00e9cifiquement, il s\u2019agira de :<\/p>\n<p style=\"padding-left: 40px; text-align: justify;\">-pr\u00e9senter l\u2019application du syst\u00e8me LMD dans les diff\u00e9rentes IES de l\u2019espace REESAO (inscriptions, semestrialisation, int\u00e9gration des TIC) ;<\/p>\n<p style=\"padding-left: 40px; text-align: justify;\">-expliquer les modes d\u2019\u00e9valuation et de correction des copies d\u2019\u00e9valuation.<\/p>\n<p>Pour plus d&rsquo;information t\u00e9l\u00e9charg\u00e9 les fichiers suivants :<\/p>\n<ol>\n<li><a href=\"https:\/\/www.uddm.edu.ne\/wp-content\/uploads\/2023\/09\/CHRONOGRAMME-DE-LATELIER.pdf\">CHRONOGRAMME DE L&rsquo;ATELIER<\/a><\/li>\n<li><a href=\"https:\/\/www.uddm.edu.ne\/wp-content\/uploads\/2023\/09\/TDR-DE-LATELIER-SUR-LA-NORMALISATION-IES-1.pdf\">TDR DE L&rsquo;ATELIER SUR LA NORMALISATION IES<\/a><\/li>\n<\/ol>\n<p>Cet atelier a vu la participation du Vice Recteur et du Chef de la Scolarit\u00e9 Centrale de l&rsquo;UDDM.<\/p>\n","protected":false},"excerpt":{"rendered":"<p>L\u2019objectif g\u00e9n\u00e9ral de l\u2019activit\u00e9 vise \u00e0 offrir aux participants un espace d\u2019\u00e9changes, de t\u00e9moignage et de d\u00e9bats, qui permettra aux <a class=\"more-link\" href=\"https:\/\/www.uddm.edu.ne\/index.php\/participation-du-vice-recteur-de-luddm-a-latelier-dechanges-sur-la-normalisation-des-annees-academiques-dans-les-institutions-denseignement-superieur-de-lespace-reesao\/\">Lire la suite&#8230; <span class=\"screen-reader-text\">  PARTICIPATION DU VICE RECTEUR DE L&rsquo;UDDM A L&rsquo;ATELIER D\u2019ECHANGES SUR LA NORMALISATION DES ANNEES ACADEMIQUES DANS LES INSTITUTIONS D\u2019ENSEIGNEMENT SUPERIEUR DE L\u2019ESPACE REESAO<\/span><span class=\"meta-nav\">&rarr;<\/span><\/a><\/p>\n","protected":false},"author":107,"featured_media":2456,"comment_status":"open","ping_status":"open","sticky":false,"template":"","format":"standard","meta":{"footnotes":""},"categories":[45,9,10,11,15,47],"tags":[],"class_list":["post-2449","post","type-post","status-publish","format-standard","has-post-thumbnail","hentry","category-enseignement","category-fase","category-fss","category-fst","category-iut","category-scolarite"],"_links":{"self":[{"href":"https:\/\/www.uddm.edu.ne\/index.php\/wp-json\/wp\/v2\/posts\/2449","targetHints":{"allow":["GET"]}}],"collection":[{"href":"https:\/\/www.uddm.edu.ne\/index.php\/wp-json\/wp\/v2\/posts"}],"about":[{"href":"https:\/\/www.uddm.edu.ne\/index.php\/wp-json\/wp\/v2\/types\/post"}],"author":[{"embeddable":true,"href":"https:\/\/www.uddm.edu.ne\/index.php\/wp-json\/wp\/v2\/users\/107"}],"replies":[{"embeddable":true,"href":"https:\/\/www.uddm.edu.ne\/index.php\/wp-json\/wp\/v2\/comments?post=2449"}],"version-history":[{"count":4,"href":"https:\/\/www.uddm.edu.ne\/index.php\/wp-json\/wp\/v2\/posts\/2449\/revisions"}],"predecessor-version":[{"id":2465,"href":"https:\/\/www.uddm.edu.ne\/index.php\/wp-json\/wp\/v2\/posts\/2449\/revisions\/2465"}],"wp:featuredmedia":[{"embeddable":true,"href":"https:\/\/www.uddm.edu.ne\/index.php\/wp-json\/wp\/v2\/media\/2456"}],"wp:attachment":[{"href":"https:\/\/www.uddm.edu.ne\/index.php\/wp-json\/wp\/v2\/media?parent=2449"}],"wp:term":[{"taxonomy":"category","embeddable":true,"href":"https:\/\/www.uddm.edu.ne\/index.php\/wp-json\/wp\/v2\/categories?post=2449"},{"taxonomy":"post_tag","embeddable":true,"href":"https:\/\/www.uddm.edu.ne\/index.php\/wp-json\/wp\/v2\/tags?post=2449"}],"curies":[{"name":"wp","href":"https:\/\/api.w.org\/{rel}","templated":true}]}}